{"id":1177,"date":"2023-06-14T16:38:59","date_gmt":"2023-06-14T16:38:59","guid":{"rendered":"https:\/\/portugalnuts.pt\/?p=1177"},"modified":"2025-11-17T15:03:30","modified_gmt":"2025-11-17T15:03:30","slug":"ii-congresso-portugal-nuts","status":"publish","type":"post","link":"https:\/\/portugalnuts.pt\/en\/ii-congresso-portugal-nuts\/","title":{"rendered":"II Congress Portugal Nuts"},"content":{"rendered":"<p>The II Portugal Nuts Congress was held on May 9 in Beja, where the water study was presented, which revealed the sustainable use of water in the production of nuts in Portugal.<\/p>\n<p>&nbsp;<\/p>\n\n\t\t<style type=\"text\/css\">\n\t\t\t#gallery-1 {\n\t\t\t\tmargin: auto;\n\t\t\t}\n\t\t\t#gallery-1 .gallery-item {\n\t\t\t\tfloat: left;\n\t\t\t\tmargin-top: 10px;\n\t\t\t\ttext-align: center;\n\t\t\t\twidth: 25%;\n\t\t\t}\n\t\t\t#gallery-1 img {\n\t\t\t\tborder: 2px solid #cfcfcf;\n\t\t\t}\n\t\t\t#gallery-1 .gallery-caption {\n\t\t\t\tmargin-left: 0;\n\t\t\t}\n\t\t\t\/* see gallery_shortcode() in wp-includes\/media.php *\/\n\t\t<\/style>\n\t\t<div id='gallery-1' class='gallery galleryid-1177 gallery-columns-4 gallery-size-medium'><dl class='gallery-item'>\n\t\t\t<dt class='gallery-icon landscape'>\n\t\t\t\t<a href='https:\/\/portugalnuts.pt\/wp-content\/uploads\/2023\/06\/PortugalNuts_2023-24.jpg'><img loading=\"lazy\" decoding=\"async\" width=\"300\" height=\"200\" src=\"https:\/\/portugalnuts.pt\/wp-content\/uploads\/2023\/06\/PortugalNuts_2023-24-300x200.jpg\" class=\"attachment-medium size-medium\" alt=\"\" \/><\/a>\n\t\t\t<\/dt><\/dl><dl class='gallery-item'>\n\t\t\t<dt class='gallery-icon landscape'>\n\t\t\t\t<a href='https:\/\/portugalnuts.pt\/wp-content\/uploads\/2023\/06\/PortugalNuts_2023-23.jpg'><img loading=\"lazy\" decoding=\"async\" width=\"300\" height=\"200\" src=\"https:\/\/portugalnuts.pt\/wp-content\/uploads\/2023\/06\/PortugalNuts_2023-23-300x200.jpg\" class=\"attachment-medium size-medium\" alt=\"\" \/><\/a>\n\t\t\t<\/dt><\/dl><dl class='gallery-item'>\n\t\t\t<dt class='gallery-icon landscape'>\n\t\t\t\t<a href='https:\/\/portugalnuts.pt\/wp-content\/uploads\/2023\/06\/PortugalNuts_2023-17.jpg'><img loading=\"lazy\" decoding=\"async\" width=\"300\" height=\"200\" src=\"https:\/\/portugalnuts.pt\/wp-content\/uploads\/2023\/06\/PortugalNuts_2023-17-300x200.jpg\" class=\"attachment-medium size-medium\" alt=\"\" \/><\/a>\n\t\t\t<\/dt><\/dl><dl class='gallery-item'>\n\t\t\t<dt class='gallery-icon landscape'>\n\t\t\t\t<a href='https:\/\/portugalnuts.pt\/wp-content\/uploads\/2023\/06\/PortugalNuts_2023-62.jpg'><img loading=\"lazy\" decoding=\"async\" width=\"300\" height=\"200\" src=\"https:\/\/portugalnuts.pt\/wp-content\/uploads\/2023\/06\/PortugalNuts_2023-62-300x200.jpg\" class=\"attachment-medium size-medium\" alt=\"\" \/><\/a>\n\t\t\t<\/dt><\/dl><br style=\"clear: both\" \/>\n\t\t<\/div>\n\n<p>&nbsp;<\/p>\n<p>Find out more about what happened at the 2nd Portugal Nuts Congress below:<\/p>\n<p><a href=\"https:\/\/www.rtp.pt\/play\/p470\/e694103\/portugal-em-direto\" target=\"_blank\" rel=\"noopener\">Jornal de Neg\u00f3cios + Antena 1<\/a> (Minute 8:40\")<\/p>\n<p><a href=\"https:\/\/eco.sapo.pt\/2023\/05\/09\/produtores-de-frutos-secos-em-portugal-utilizam-menos-40-de-agua-do-que-os-eua\/\" target=\"_blank\" rel=\"noopener\">Toad<\/a><\/p>\n<p><a href=\"https:\/\/www.rtp.pt\/noticias\/economia\/portugal-ja-e-autossuficiente-na-producao-de-frutos-secos-associacao_n1485052\" target=\"_blank\" rel=\"noopener\">RTP<\/a><\/p>\n<p><a href=\"https:\/\/observador.pt\/2023\/05\/09\/portugal-ja-e-autossuficiente-na-producao-de-frutos-secos\/\" target=\"_blank\" rel=\"noopener\">Observer<\/a><\/p>\n<p><a href=\"https:\/\/greensavers.sapo.pt\/produtores-de-frutos-secos-em-portugal-fazem-utilizacao-eficiente-da-agua\/\" target=\"_blank\" rel=\"noopener\">Greensavers<\/a><\/p>\n<p><a href=\"https:\/\/visao.sapo.pt\/atualidade\/economia\/2023-05-09-portugal-ja-e-autossuficiente-na-producao-de-frutos-secos\/\" target=\"_blank\" rel=\"noopener\">Vision<\/a><\/p>\n<p><a href=\"https:\/\/www.dinheirovivo.pt\/economia\/nacional\/portugal-ja-e-autossuficiente-na-producao-de-frutos-secos-16321571.html\" target=\"_blank\" rel=\"noopener\">Dinheiro Vivo<\/a><\/p>\n<p><a href=\"https:\/\/www.jn.pt\/economia\/portugal-ja-e-autossuficiente-na-producao-de-frutos-secos-16321502.html\" target=\"_blank\" rel=\"noopener\">Jornal de Not\u00edcias<\/a><\/p>\n<p><a href=\"https:\/\/www.correiodamanhacanada.com\/portugal-ja-e-autossuficiente-na-producao-de-frutos-secos\/\">Correio da Manh\u00e3 Canada<\/a><\/p>\n<p><a href=\"https:\/\/www.agroportal.pt\/produtores-de-frutos-secos-em-portugal-fazem-utilizacao-eficiente-da-agua-estudo\/\" target=\"_blank\" rel=\"noopener\">AgroPortal<\/a><\/p>\n<p><a href=\"https:\/\/www.sulinformacao.pt\/2023\/05\/produtores-de-frutos-secos-em-portugal-fazem-utilizacao-eficiente-da-agua-revela-estudo\/\" target=\"_blank\" rel=\"noopener\">SouthInformation<\/a><\/p>","protected":false},"excerpt":{"rendered":"<p>Realizou-se no passado dia 9 de maio o II Congresso Portugal Nuts, em Beja, onde foi apresentado o estudo da \u00e1gua, que revelou o uso sustent\u00e1vel da \u00e1gua na produ\u00e7\u00e3o de frutos secos em Portugal. &nbsp; &nbsp; Saiba mais sobre o que se passou no II Congresso Portugal Nuts abaixo: Jornal de Neg\u00f3cios + Antena [&hellip;]<\/p>\n","protected":false},"author":3,"featured_media":1152,"comment_status":"open","ping_status":"open","sticky":false,"template":"","format":"standard","meta":{"_acf_changed":false,"_et_pb_use_builder":"","_et_pb_old_content":"","_et_gb_content_width":"","_jetpack_memberships_contains_paid_content":false,"footnotes":""},"categories":[5],"tags":[],"class_list":["post-1177","post","type-post","status-publish","format-standard","has-post-thumbnail","hentry","category-iniciativas"],"acf":[],"aioseo_notices":[],"jetpack_featured_media_url":"https:\/\/portugalnuts.pt\/wp-content\/uploads\/2023\/05\/PAINEL-e1686759912235.png","jetpack_sharing_enabled":true,"_links":{"self":[{"href":"https:\/\/portugalnuts.pt\/en\/wp-json\/wp\/v2\/posts\/1177","targetHints":{"allow":["GET"]}}],"collection":[{"href":"https:\/\/portugalnuts.pt\/en\/wp-json\/wp\/v2\/posts"}],"about":[{"href":"https:\/\/portugalnuts.pt\/en\/wp-json\/wp\/v2\/types\/post"}],"author":[{"embeddable":true,"href":"https:\/\/portugalnuts.pt\/en\/wp-json\/wp\/v2\/users\/3"}],"replies":[{"embeddable":true,"href":"https:\/\/portugalnuts.pt\/en\/wp-json\/wp\/v2\/comments?post=1177"}],"version-history":[{"count":5,"href":"https:\/\/portugalnuts.pt\/en\/wp-json\/wp\/v2\/posts\/1177\/revisions"}],"predecessor-version":[{"id":2023,"href":"https:\/\/portugalnuts.pt\/en\/wp-json\/wp\/v2\/posts\/1177\/revisions\/2023"}],"wp:featuredmedia":[{"embeddable":true,"href":"https:\/\/portugalnuts.pt\/en\/wp-json\/wp\/v2\/media\/1152"}],"wp:attachment":[{"href":"https:\/\/portugalnuts.pt\/en\/wp-json\/wp\/v2\/media?parent=1177"}],"wp:term":[{"taxonomy":"category","embeddable":true,"href":"https:\/\/portugalnuts.pt\/en\/wp-json\/wp\/v2\/categories?post=1177"},{"taxonomy":"post_tag","embeddable":true,"href":"https:\/\/portugalnuts.pt\/en\/wp-json\/wp\/v2\/tags?post=1177"}],"curies":[{"name":"wp","href":"https:\/\/api.w.org\/{rel}","templated":true}]}}