{"id":1494,"date":"2024-05-13T13:38:38","date_gmt":"2024-05-13T13:38:38","guid":{"rendered":"https:\/\/portugalnuts.pt\/?p=1494"},"modified":"2024-05-15T10:42:23","modified_gmt":"2024-05-15T10:42:23","slug":"iii-congresso-portugal-nuts","status":"publish","type":"post","link":"https:\/\/portugalnuts.pt\/en\/iii-congresso-portugal-nuts\/","title":{"rendered":"III Congresso Portugal Nuts"},"content":{"rendered":"<p>&#8220;Abra\u00e7ar o Futuro&#8221; \u00e9 o tema central do III Congresso Portugal Nuts.<br \/>\nIremos ouvir falar de assuntos relevantes e atuais para o setor.<br \/>\nO que somos, como preparar-nos para as altera\u00e7\u00f5es clim\u00e1ticas e para as disponibilidades de \u00e1gua. Perceber porque \u00e9 importante a sustentabilidade, como v\u00e3o evoluir os pre\u00e7os mundiais e como inovar em frutos secos. Junte-se a n\u00f3s e venha interagir com os especialistas e principais players do setor! <\/p>\n<p>Dia 23 de Maio, no Pax-Julia, em Beja.<br \/>\nSiga o link e fa\u00e7a j\u00e1 a sua inscri\u00e7\u00e3o!<\/p>\n<p>Inscri\u00e7\u00f5es em <a href=\"https:\/\/shorturl.at\/sNRVW\" rel=\"noopener\" target=\"_blank\">https:\/\/shorturl.at\/sNRVW<\/a><\/p>","protected":false},"excerpt":{"rendered":"<p>&#8220;Abra\u00e7ar o Futuro&#8221; \u00e9 o tema central do III Congresso Portugal Nuts. Iremos ouvir falar de assuntos relevantes e atuais para o setor. O que somos, como preparar-nos para as altera\u00e7\u00f5es clim\u00e1ticas e para as disponibilidades de \u00e1gua. Perceber porque \u00e9 importante a sustentabilidade, como v\u00e3o evoluir os pre\u00e7os mundiais e como inovar em frutos [&hellip;]<\/p>\n","protected":false},"author":3,"featured_media":1495,"comment_status":"open","ping_status":"open","sticky":false,"template":"","format":"standard","meta":{"_acf_changed":false,"_et_pb_use_builder":"","_et_pb_old_content":"","_et_gb_content_width":"","_jetpack_memberships_contains_paid_content":false,"footnotes":""},"categories":[5,6],"tags":[],"class_list":["post-1494","post","type-post","status-publish","format-standard","has-post-thumbnail","hentry","category-iniciativas","category-noticias"],"acf":[],"aioseo_notices":[],"jetpack_featured_media_url":"https:\/\/portugalnuts.pt\/wp-content\/uploads\/2024\/05\/ASSINATURA-CONGRESSO.png","jetpack_sharing_enabled":true,"_links":{"self":[{"href":"https:\/\/portugalnuts.pt\/en\/wp-json\/wp\/v2\/posts\/1494","targetHints":{"allow":["GET"]}}],"collection":[{"href":"https:\/\/portugalnuts.pt\/en\/wp-json\/wp\/v2\/posts"}],"about":[{"href":"https:\/\/portugalnuts.pt\/en\/wp-json\/wp\/v2\/types\/post"}],"author":[{"embeddable":true,"href":"https:\/\/portugalnuts.pt\/en\/wp-json\/wp\/v2\/users\/3"}],"replies":[{"embeddable":true,"href":"https:\/\/portugalnuts.pt\/en\/wp-json\/wp\/v2\/comments?post=1494"}],"version-history":[{"count":6,"href":"https:\/\/portugalnuts.pt\/en\/wp-json\/wp\/v2\/posts\/1494\/revisions"}],"predecessor-version":[{"id":1503,"href":"https:\/\/portugalnuts.pt\/en\/wp-json\/wp\/v2\/posts\/1494\/revisions\/1503"}],"wp:featuredmedia":[{"embeddable":true,"href":"https:\/\/portugalnuts.pt\/en\/wp-json\/wp\/v2\/media\/1495"}],"wp:attachment":[{"href":"https:\/\/portugalnuts.pt\/en\/wp-json\/wp\/v2\/media?parent=1494"}],"wp:term":[{"taxonomy":"category","embeddable":true,"href":"https:\/\/portugalnuts.pt\/en\/wp-json\/wp\/v2\/categories?post=1494"},{"taxonomy":"post_tag","embeddable":true,"href":"https:\/\/portugalnuts.pt\/en\/wp-json\/wp\/v2\/tags?post=1494"}],"curies":[{"name":"wp","href":"https:\/\/api.w.org\/{rel}","templated":true}]}}